{"id":6206,"date":"2026-05-01T08:00:30","date_gmt":"2026-05-01T06:00:30","guid":{"rendered":"https:\/\/www.senses.se\/en\/review-levoit-core-300s-pro-smart\/"},"modified":"2026-05-01T08:07:21","modified_gmt":"2026-05-01T06:07:21","slug":"review-levoit-core-300s-pro-smart","status":"publish","type":"post","link":"https:\/\/www.senses.se\/en\/review-levoit-core-300s-pro-smart\/","title":{"rendered":"Review: Levoit &#8211; Core 300S Pro Smart"},"content":{"rendered":"\n<p>Every home benefits from cleaner air, especially when there are children with sensitive airways. For a few weeks, the <strong>Levoit Core 300S<\/strong> <strong>Pro Smart <\/strong>has been put to work in my home, placed in the room where my child with cold-induced asthma sleeps. The idea was to see if a compact and smart air purifier can actually make a difference in everyday life, both for air quality and for a good night&#8217;s sleep. <\/p>\n\n\n\n<p>The last time we tested an air purifier, it was the <a href=\"https:\/\/www.senses.se\/en\/review-shark-neverchange-compact-pro-hp072eu-a-breath-of-fresh-air-for-the-home-office-and-bedroom\/\" id=\"https:\/\/www.senses.se\/shark-neverchange-recension\/\">Shark NeverChange<\/a>, a significantly larger and more long-lasting model. This time, we wanted to see how a more compact and smart air purifier handles everyday life, and therefore the<em> Levoit Core 300S Pro Smart<\/em> moved into the child&#8217;s room.<\/p>\n\n\n\n<figure class=\"wp-block-image size-large\"><a href=\"https:\/\/www.senses.se\/wp-content\/uploads\/2026\/04\/20260421-195228.jpg\" data-rel=\"penci-gallery-image-content\" ><img decoding=\"async\" src=\"https:\/\/www.senses.se\/wp-content\/uploads\/2026\/04\/20260421-195228-1000x750.jpg\" alt=\"The Levoit air purifier placed in a home\" class=\"wp-image-84200\" \/><\/a><figcaption class=\"wp-element-caption\">Photo: senses.se<\/figcaption><\/figure>\n\n\n\n<p><strong>First Impressions<\/strong>&nbsp;<\/p>\n\n\n\n<p>The first thing you notice is how discreet and easy to place the air purifier is. It blends into the room without taking over and is small enough to stand in a corner or on a dresser without feeling bulky. When it is started, you quickly notice that the sensor reacts immediately to changes in the air. During cooking, when the door is opened to pollen-rich air, or when someone stirs up dust in the room, the fan increases automatically. The VeSync app is clear and easy to understand, and it&#8217;s convenient to be able to monitor the air quality even when you&#8217;re not at home. <\/p>\n\n\n\n<figure class=\"wp-block-image size-large\"><a href=\"https:\/\/www.senses.se\/wp-content\/uploads\/2026\/04\/photo-collagepng-2.jpg\" data-rel=\"penci-gallery-image-content\" ><img decoding=\"async\" src=\"https:\/\/www.senses.se\/wp-content\/uploads\/2026\/04\/photo-collagepng-2-1000x1000.jpg\" alt=\"Screenshot from the VeSync app\" class=\"wp-image-84205\" \/><\/a><figcaption class=\"wp-element-caption\">Screenshot from the VeSync app showing air quality, various modes, and statistics for the air purifier.<\/figcaption><\/figure>\n\n\n\n<p><strong>Technical Specifications<\/strong>&nbsp;<\/p>\n\n\n\n<p><em>Levoit Core 300S<\/em> <em>Pro Smart <\/em>uses a three-stage filtration system consisting of a pre-filter, an H13 HEPA filter, and an activated carbon filter. Together, they capture everything from dust and pollen to odor molecules and small particles that often trigger asthmatic symptoms. It is intended for medium-sized rooms and can operate at a noise level as low as 24-26 decibels in sleep mode, making it very quiet. The built-in air quality sensor measures particle levels in real-time and automatically adjusts the fan speed. Via the VeSync app, you can monitor the air quality, schedule operation, and control the device remotely. A much-appreciated feature for me is also the screen lock, which means the device can only be controlled via the app. This is perfect when little curious fingers want to fiddle with everything that lights up, but you want the air purifier to continue working undisturbed. <\/p>\n\n\n\n<figure class=\"wp-block-image size-large\"><a href=\"https:\/\/www.senses.se\/wp-content\/uploads\/2026\/04\/20260421-195510.jpg\" data-rel=\"penci-gallery-image-content\" ><img decoding=\"async\" src=\"https:\/\/www.senses.se\/wp-content\/uploads\/2026\/04\/20260421-195510-1000x750.jpg\" alt=\"The control panel on the Levoit air purifier\" class=\"wp-image-84201\" \/><\/a><figcaption class=\"wp-element-caption\">Photo: senses.se<\/figcaption><\/figure>\n\n\n\n<p><strong>The Good Things<\/strong>&nbsp;<\/p>\n\n\n\n<p>What impresses most is how quiet the air purifier is in sleep mode. In a child&#8217;s room, it is crucial that an air purifier does not disturb sleep, and here it delivers very well. The filtration is effective, especially regarding pollen and dust, which is noticeable by how much cleaner the air feels after just an hour. For children with asthma or allergies, it can make a big difference, and it was clearly noticeable with my son. He usually coughs a lot at night and often wakes up because his airways feel irritated, but with the air purifier running, the nights became significantly calmer. The coughing decreased, sleep was less disturbed, and in the morning, he wasn&#8217;t nearly as congested as before. <\/p>\n\n\n\n<p>The smart features are also a big plus. Being able to let the device take care of itself in auto mode means you don&#8217;t have to think about it, and the child lock is invaluable when little curious fingers want to fiddle with everything that lights up. It allows you to control everything via the app and be sure that the settings remain as they should. Additionally, it is energy-efficient and inexpensive to run, meaning it can easily be on for most of the day. After just a few days, you could also see that the filter had captured a lot of dust, confirming that it actually does a concrete job in the room.&nbsp;<\/p>\n\n\n\n<figure class=\"wp-block-image size-large\"><a href=\"https:\/\/www.senses.se\/wp-content\/uploads\/2026\/04\/20260427-101552.jpg\" data-rel=\"penci-gallery-image-content\" ><img decoding=\"async\" src=\"https:\/\/www.senses.se\/wp-content\/uploads\/2026\/04\/20260427-101552-1000x750.jpg\" alt=\"Close-up of a filter that has collected dust\" class=\"wp-image-84202\" \/><\/a><figcaption class=\"wp-element-caption\">After just a couple of days, the air purifier had collected some dust. Photo: senses.se<\/figcaption><\/figure>\n\n\n\n<p><strong>The Less Good Things<\/strong>&nbsp;<\/p>\n\n\n\n<p>There are, of course, limitations. <em>Core 300S Pro Smart<\/em> is not built for very large open floor plans. It performs best in medium-sized rooms, and in areas larger than that, it begins to lose efficiency. Another thing that detracts from the overall impression is the handling of filter replacements. The filter itself is easy to change, but if you want to order a new one directly via the app, that function does not work in Sweden because replacement filters are not available via the supplier the app refers to. You can, of course, Google a retailer that sells the correct filter, but it would have been much smoother if this had been implemented directly in the app. For a product that is otherwise so smart and user-friendly, it feels like an unnecessary oversight.<\/p>\n\n\n\n<p><strong>Summary<\/strong>&nbsp;<\/p>\n\n\n\n<p><em>Levoit Core 300S<\/em> <em>Pro Smart<\/em> is a very good air purifier for medium-sized rooms, and it does a particularly good job in children&#8217;s rooms where quiet operation and effective filtration are important. It is easy to use, smart in its function, and powerful enough to handle the most common particles that affect children with asthma or allergies. For those who want to improve air quality without spending a fortune, the <em>Core 300S Pro Smart<\/em> is a safe and affordable choice that delivers more than you might think based on its size. <\/p>\n\n\n\n<p><em><a href=\"https:\/\/levoit.com\/\" id=\"https:\/\/levoit.com\/\">Levoit <\/a>sent units for this test. Senders of products have no editorial influence over our reviews.<\/em><\/p>\n\n\n\n<figure class=\"wp-block-embed is-type-video is-provider-youtube wp-block-embed-youtube wp-embed-aspect-16-9 wp-has-aspect-ratio\"><div class=\"wp-block-embed__wrapper\">\n<iframe title=\"How the New Levoit Core 300s Works\" width=\"1170\" height=\"658\" src=\"https:\/\/www.youtube.com\/embed\/-TN3AUGs1xE?feature=oembed\" frameborder=\"0\" allow=\"accelerometer; autoplay; clipboard-write; encrypted-media; gyroscope; picture-in-picture; web-share\" referrerpolicy=\"strict-origin-when-cross-origin\" allowfullscreen><\/iframe>\n<\/div><\/figure>\n","protected":false},"excerpt":{"rendered":"<p>Every home benefits from cleaner air, especially when there are children with sensitive airways. For a few weeks, the Levoit Core 300S Pro Smart has been put to work in&hellip;<\/p>\n","protected":false},"author":1552,"featured_media":6208,"comment_status":"open","ping_status":"closed","sticky":false,"template":"","format":"standard","meta":{"_lmt_disableupdate":"","_lmt_disable":"","_jetpack_memberships_contains_paid_content":false,"footnotes":""},"categories":[107],"tags":[],"coauthors":[128],"class_list":["post-6206","post","type-post","status-publish","format-standard","has-post-thumbnail","hentry","category-smart-home"],"yoast_head":"<!-- This site is optimized with the Yoast SEO plugin v27.5 - https:\/\/yoast.com\/product\/yoast-seo-wordpress\/ -->\n<title>Review: Levoit - Core 300S Pro Smart - Senses<\/title>\n<meta name=\"description\" content=\"Review of the Levoit Core 300S, a quiet and smart air purifier that instantly improves air quality and impresses with its seamless features.\" \/>\n<meta name=\"robots\" content=\"index, follow, max-snippet:-1, max-image-preview:large, max-video-preview:-1\" \/>\n<link rel=\"canonical\" href=\"https:\/\/www.senses.se\/en\/review-levoit-core-300s-pro-smart\/\" \/>\n<meta property=\"og:locale\" content=\"en_US\" \/>\n<meta property=\"og:type\" content=\"article\" \/>\n<meta property=\"og:title\" content=\"Levoit Core 300S Pro Smart Review: Quiet and Effective for Better Sleep\" \/>\n<meta property=\"og:description\" content=\"The Levoit Core 300S Pro Smart is a compact powerhouse designed to transform the air quality in your home. Perfect for medium-sized rooms, this smart purifier features a\u2026\" \/>\n<meta property=\"og:url\" content=\"https:\/\/www.senses.se\/en\/review-levoit-core-300s-pro-smart\/\" \/>\n<meta property=\"og:site_name\" content=\"Senses\" \/>\n<meta property=\"article:published_time\" content=\"2026-05-01T06:00:30+00:00\" \/>\n<meta property=\"article:modified_time\" content=\"2026-05-01T06:07:21+00:00\" \/>\n<meta name=\"author\" content=\"Isabelle Alberti\" \/>\n<meta name=\"twitter:card\" content=\"summary_large_image\" \/>\n<meta name=\"twitter:title\" content=\"Levoit Core 300S Pro Smart Review: Quiet and Effective for Better Sleep\" \/>\n<meta name=\"twitter:label1\" content=\"Written by\" \/>\n\t<meta name=\"twitter:data1\" content=\"Isabelle Alberti\" \/>\n\t<meta name=\"twitter:label2\" content=\"Est. reading time\" \/>\n\t<meta name=\"twitter:data2\" content=\"5 minutes\" \/>\n<script type=\"application\/ld+json\" class=\"yoast-schema-graph\">{\"@context\":\"https:\\\/\\\/schema.org\",\"@graph\":[{\"@type\":\"Article\",\"@id\":\"https:\\\/\\\/www.senses.se\\\/en\\\/review-levoit-core-300s-pro-smart\\\/#article\",\"isPartOf\":{\"@id\":\"https:\\\/\\\/www.senses.se\\\/en\\\/review-levoit-core-300s-pro-smart\\\/\"},\"author\":{\"name\":\"Isabelle Alberti\",\"@id\":\"https:\\\/\\\/www.senses.se\\\/en\\\/#\\\/schema\\\/person\\\/0b3e28a568734d56aeb9e631ed09cada\"},\"headline\":\"Review: Levoit &#8211; Core 300S Pro Smart\",\"datePublished\":\"2026-05-01T06:00:30+00:00\",\"dateModified\":\"2026-05-01T06:07:21+00:00\",\"mainEntityOfPage\":{\"@id\":\"https:\\\/\\\/www.senses.se\\\/en\\\/review-levoit-core-300s-pro-smart\\\/\"},\"wordCount\":932,\"commentCount\":0,\"publisher\":{\"@id\":\"https:\\\/\\\/www.senses.se\\\/en\\\/#organization\"},\"image\":{\"@id\":\"https:\\\/\\\/www.senses.se\\\/en\\\/review-levoit-core-300s-pro-smart\\\/#primaryimage\"},\"thumbnailUrl\":\"https:\\\/\\\/www.senses.se\\\/wp-content\\\/uploads\\\/2026\\\/04\\\/20260421-194733-1.jpg\",\"articleSection\":[\"Smart home\"],\"inLanguage\":\"en-US\",\"potentialAction\":[{\"@type\":\"CommentAction\",\"name\":\"Comment\",\"target\":[\"https:\\\/\\\/www.senses.se\\\/en\\\/review-levoit-core-300s-pro-smart\\\/#respond\"]}]},{\"@type\":\"WebPage\",\"@id\":\"https:\\\/\\\/www.senses.se\\\/en\\\/review-levoit-core-300s-pro-smart\\\/\",\"url\":\"https:\\\/\\\/www.senses.se\\\/en\\\/review-levoit-core-300s-pro-smart\\\/\",\"name\":\"Review: Levoit - Core 300S Pro Smart - Senses\",\"isPartOf\":{\"@id\":\"https:\\\/\\\/www.senses.se\\\/en\\\/#website\"},\"primaryImageOfPage\":{\"@id\":\"https:\\\/\\\/www.senses.se\\\/en\\\/review-levoit-core-300s-pro-smart\\\/#primaryimage\"},\"image\":{\"@id\":\"https:\\\/\\\/www.senses.se\\\/en\\\/review-levoit-core-300s-pro-smart\\\/#primaryimage\"},\"thumbnailUrl\":\"https:\\\/\\\/www.senses.se\\\/wp-content\\\/uploads\\\/2026\\\/04\\\/20260421-194733-1.jpg\",\"datePublished\":\"2026-05-01T06:00:30+00:00\",\"dateModified\":\"2026-05-01T06:07:21+00:00\",\"description\":\"Review of the Levoit Core 300S, a quiet and smart air purifier that instantly improves air quality and impresses with its seamless features.\",\"breadcrumb\":{\"@id\":\"https:\\\/\\\/www.senses.se\\\/en\\\/review-levoit-core-300s-pro-smart\\\/#breadcrumb\"},\"inLanguage\":\"en-US\",\"potentialAction\":[{\"@type\":\"ReadAction\",\"target\":[\"https:\\\/\\\/www.senses.se\\\/en\\\/review-levoit-core-300s-pro-smart\\\/\"]}]},{\"@type\":\"ImageObject\",\"inLanguage\":\"en-US\",\"@id\":\"https:\\\/\\\/www.senses.se\\\/en\\\/review-levoit-core-300s-pro-smart\\\/#primaryimage\",\"url\":\"https:\\\/\\\/www.senses.se\\\/wp-content\\\/uploads\\\/2026\\\/04\\\/20260421-194733-1.jpg\",\"contentUrl\":\"https:\\\/\\\/www.senses.se\\\/wp-content\\\/uploads\\\/2026\\\/04\\\/20260421-194733-1.jpg\",\"width\":2560,\"height\":2445},{\"@type\":\"BreadcrumbList\",\"@id\":\"https:\\\/\\\/www.senses.se\\\/en\\\/review-levoit-core-300s-pro-smart\\\/#breadcrumb\",\"itemListElement\":[{\"@type\":\"ListItem\",\"position\":1,\"name\":\"Hem\",\"item\":\"https:\\\/\\\/www.senses.se\\\/en\\\/\"},{\"@type\":\"ListItem\",\"position\":2,\"name\":\"Technology \\\/ Gadgets\",\"item\":\"https:\\\/\\\/www.senses.se\\\/en\\\/technology-gadgets\\\/\"},{\"@type\":\"ListItem\",\"position\":3,\"name\":\"Smart home\",\"item\":\"https:\\\/\\\/www.senses.se\\\/en\\\/technology-gadgets\\\/smart-home\\\/\"},{\"@type\":\"ListItem\",\"position\":4,\"name\":\"Review: Levoit &#8211; Core 300S Pro Smart\"}]},{\"@type\":\"WebSite\",\"@id\":\"https:\\\/\\\/www.senses.se\\\/en\\\/#website\",\"url\":\"https:\\\/\\\/www.senses.se\\\/en\\\/\",\"name\":\"Senses\",\"description\":\"Entertainment and lifestyle for all your senses.\",\"publisher\":{\"@id\":\"https:\\\/\\\/www.senses.se\\\/en\\\/#organization\"},\"potentialAction\":[{\"@type\":\"SearchAction\",\"target\":{\"@type\":\"EntryPoint\",\"urlTemplate\":\"https:\\\/\\\/www.senses.se\\\/en\\\/?s={search_term_string}\"},\"query-input\":{\"@type\":\"PropertyValueSpecification\",\"valueRequired\":true,\"valueName\":\"search_term_string\"}}],\"inLanguage\":\"en-US\"},{\"@type\":\"Organization\",\"@id\":\"https:\\\/\\\/www.senses.se\\\/en\\\/#organization\",\"name\":\"Senses\",\"url\":\"https:\\\/\\\/www.senses.se\\\/en\\\/\",\"logo\":{\"@type\":\"ImageObject\",\"inLanguage\":\"en-US\",\"@id\":\"https:\\\/\\\/www.senses.se\\\/en\\\/#\\\/schema\\\/logo\\\/image\\\/\",\"url\":\"https:\\\/\\\/www.senses.se\\\/en\\\/wp-content\\\/uploads\\\/sites\\\/2\\\/2025\\\/05\\\/senses-logo-600.webp\",\"contentUrl\":\"https:\\\/\\\/www.senses.se\\\/en\\\/wp-content\\\/uploads\\\/sites\\\/2\\\/2025\\\/05\\\/senses-logo-600.webp\",\"width\":600,\"height\":182,\"caption\":\"Senses\"},\"image\":{\"@id\":\"https:\\\/\\\/www.senses.se\\\/en\\\/#\\\/schema\\\/logo\\\/image\\\/\"},\"publishingPrinciples\":\"https:\\\/\\\/www.senses.se\\\/en\\\/how-we-rate-on-senses-se\\\/\",\"foundingDate\":\"2008\",\"about\":\"https:\\\/\\\/www.senses.se\\\/en\\\/about\\\/\",\"sameAs\":[\"https:\\\/\\\/www.facebook.com\\\/SensesSe\",\"https:\\\/\\\/x.com\\\/SensesSe\",\"https:\\\/\\\/www.instagram.com\\\/senses.se\\\/\",\"https:\\\/\\\/www.youtube.com\\\/c\\\/SensesSe\"]},{\"@type\":\"Person\",\"@id\":\"https:\\\/\\\/www.senses.se\\\/en\\\/#\\\/schema\\\/person\\\/0b3e28a568734d56aeb9e631ed09cada\",\"name\":\"Isabelle Alberti\",\"image\":{\"@type\":\"ImageObject\",\"inLanguage\":\"en-US\",\"@id\":\"https:\\\/\\\/secure.gravatar.com\\\/avatar\\\/466e6ce3be8f3b6fd36a2934a00bccfd53465d0c2ae61bbc93321e9108ee61e8?s=96&d=mm&r=g7d806f691a2d48ca42c0914f5ca9f190\",\"url\":\"https:\\\/\\\/secure.gravatar.com\\\/avatar\\\/466e6ce3be8f3b6fd36a2934a00bccfd53465d0c2ae61bbc93321e9108ee61e8?s=96&d=mm&r=g\",\"contentUrl\":\"https:\\\/\\\/secure.gravatar.com\\\/avatar\\\/466e6ce3be8f3b6fd36a2934a00bccfd53465d0c2ae61bbc93321e9108ee61e8?s=96&d=mm&r=g\",\"caption\":\"Isabelle Alberti\"},\"description\":\"Isabelle introducerades tidigt f\u00f6r gamingv\u00e4rlden via \u00e4ldre syskon, vilket v\u00e4ckte en livsl\u00e5ng passion f\u00f6r allt fr\u00e5n klassiska konsoler till smarta vardagsprylar. Hennes granskande \u00f6ga f\u00f6r h\u00e5rd- och mjukvara grundar sig i att hon tidigare arbetat professionellt med att demonstrera och utv\u00e4rdera spel. Idag jobbar hon som aff\u00e4rsutvecklare \u2013 en roll som sk\u00e4nker henne ett skarpt, strategiskt och konsumentn\u00e4ra perspektiv n\u00e4r hon p\u00e5 SENSES testar techprodukter som lovar att f\u00f6renkla vardagen, med exakt samma outtr\u00f6ttliga nyfikenhet som n\u00e4r hon var liten.\",\"url\":\"https:\\\/\\\/www.senses.se\\\/en\\\/author\\\/isabellealberti\\\/\"}]}<\/script>\n<!-- \/ Yoast SEO plugin. -->","yoast_head_json":{"title":"Review: Levoit - Core 300S Pro Smart - Senses","description":"Review of the Levoit Core 300S, a quiet and smart air purifier that instantly improves air quality and impresses with its seamless features.","robots":{"index":"index","follow":"follow","max-snippet":"max-snippet:-1","max-image-preview":"max-image-preview:large","max-video-preview":"max-video-preview:-1"},"canonical":"https:\/\/www.senses.se\/en\/review-levoit-core-300s-pro-smart\/","og_locale":"en_US","og_type":"article","og_title":"Levoit Core 300S Pro Smart Review: Quiet and Effective for Better Sleep","og_description":"The Levoit Core 300S Pro Smart is a compact powerhouse designed to transform the air quality in your home. Perfect for medium-sized rooms, this smart purifier features a\u2026","og_url":"https:\/\/www.senses.se\/en\/review-levoit-core-300s-pro-smart\/","og_site_name":"Senses","article_published_time":"2026-05-01T06:00:30+00:00","article_modified_time":"2026-05-01T06:07:21+00:00","author":"Isabelle Alberti","twitter_card":"summary_large_image","twitter_title":"Levoit Core 300S Pro Smart Review: Quiet and Effective for Better Sleep","twitter_misc":{"Written by":"Isabelle Alberti","Est. reading time":"5 minutes"},"schema":{"@context":"https:\/\/schema.org","@graph":[{"@type":"Article","@id":"https:\/\/www.senses.se\/en\/review-levoit-core-300s-pro-smart\/#article","isPartOf":{"@id":"https:\/\/www.senses.se\/en\/review-levoit-core-300s-pro-smart\/"},"author":{"name":"Isabelle Alberti","@id":"https:\/\/www.senses.se\/en\/#\/schema\/person\/0b3e28a568734d56aeb9e631ed09cada"},"headline":"Review: Levoit &#8211; Core 300S Pro Smart","datePublished":"2026-05-01T06:00:30+00:00","dateModified":"2026-05-01T06:07:21+00:00","mainEntityOfPage":{"@id":"https:\/\/www.senses.se\/en\/review-levoit-core-300s-pro-smart\/"},"wordCount":932,"commentCount":0,"publisher":{"@id":"https:\/\/www.senses.se\/en\/#organization"},"image":{"@id":"https:\/\/www.senses.se\/en\/review-levoit-core-300s-pro-smart\/#primaryimage"},"thumbnailUrl":"https:\/\/www.senses.se\/wp-content\/uploads\/2026\/04\/20260421-194733-1.jpg","articleSection":["Smart home"],"inLanguage":"en-US","potentialAction":[{"@type":"CommentAction","name":"Comment","target":["https:\/\/www.senses.se\/en\/review-levoit-core-300s-pro-smart\/#respond"]}]},{"@type":"WebPage","@id":"https:\/\/www.senses.se\/en\/review-levoit-core-300s-pro-smart\/","url":"https:\/\/www.senses.se\/en\/review-levoit-core-300s-pro-smart\/","name":"Review: Levoit - Core 300S Pro Smart - Senses","isPartOf":{"@id":"https:\/\/www.senses.se\/en\/#website"},"primaryImageOfPage":{"@id":"https:\/\/www.senses.se\/en\/review-levoit-core-300s-pro-smart\/#primaryimage"},"image":{"@id":"https:\/\/www.senses.se\/en\/review-levoit-core-300s-pro-smart\/#primaryimage"},"thumbnailUrl":"https:\/\/www.senses.se\/wp-content\/uploads\/2026\/04\/20260421-194733-1.jpg","datePublished":"2026-05-01T06:00:30+00:00","dateModified":"2026-05-01T06:07:21+00:00","description":"Review of the Levoit Core 300S, a quiet and smart air purifier that instantly improves air quality and impresses with its seamless features.","breadcrumb":{"@id":"https:\/\/www.senses.se\/en\/review-levoit-core-300s-pro-smart\/#breadcrumb"},"inLanguage":"en-US","potentialAction":[{"@type":"ReadAction","target":["https:\/\/www.senses.se\/en\/review-levoit-core-300s-pro-smart\/"]}]},{"@type":"ImageObject","inLanguage":"en-US","@id":"https:\/\/www.senses.se\/en\/review-levoit-core-300s-pro-smart\/#primaryimage","url":"https:\/\/www.senses.se\/wp-content\/uploads\/2026\/04\/20260421-194733-1.jpg","contentUrl":"https:\/\/www.senses.se\/wp-content\/uploads\/2026\/04\/20260421-194733-1.jpg","width":2560,"height":2445},{"@type":"BreadcrumbList","@id":"https:\/\/www.senses.se\/en\/review-levoit-core-300s-pro-smart\/#breadcrumb","itemListElement":[{"@type":"ListItem","position":1,"name":"Hem","item":"https:\/\/www.senses.se\/en\/"},{"@type":"ListItem","position":2,"name":"Technology \/ Gadgets","item":"https:\/\/www.senses.se\/en\/technology-gadgets\/"},{"@type":"ListItem","position":3,"name":"Smart home","item":"https:\/\/www.senses.se\/en\/technology-gadgets\/smart-home\/"},{"@type":"ListItem","position":4,"name":"Review: Levoit &#8211; Core 300S Pro Smart"}]},{"@type":"WebSite","@id":"https:\/\/www.senses.se\/en\/#website","url":"https:\/\/www.senses.se\/en\/","name":"Senses","description":"Entertainment and lifestyle for all your senses.","publisher":{"@id":"https:\/\/www.senses.se\/en\/#organization"},"potentialAction":[{"@type":"SearchAction","target":{"@type":"EntryPoint","urlTemplate":"https:\/\/www.senses.se\/en\/?s={search_term_string}"},"query-input":{"@type":"PropertyValueSpecification","valueRequired":true,"valueName":"search_term_string"}}],"inLanguage":"en-US"},{"@type":"Organization","@id":"https:\/\/www.senses.se\/en\/#organization","name":"Senses","url":"https:\/\/www.senses.se\/en\/","logo":{"@type":"ImageObject","inLanguage":"en-US","@id":"https:\/\/www.senses.se\/en\/#\/schema\/logo\/image\/","url":"https:\/\/www.senses.se\/en\/wp-content\/uploads\/sites\/2\/2025\/05\/senses-logo-600.webp","contentUrl":"https:\/\/www.senses.se\/en\/wp-content\/uploads\/sites\/2\/2025\/05\/senses-logo-600.webp","width":600,"height":182,"caption":"Senses"},"image":{"@id":"https:\/\/www.senses.se\/en\/#\/schema\/logo\/image\/"},"publishingPrinciples":"https:\/\/www.senses.se\/en\/how-we-rate-on-senses-se\/","foundingDate":"2008","about":"https:\/\/www.senses.se\/en\/about\/","sameAs":["https:\/\/www.facebook.com\/SensesSe","https:\/\/x.com\/SensesSe","https:\/\/www.instagram.com\/senses.se\/","https:\/\/www.youtube.com\/c\/SensesSe"]},{"@type":"Person","@id":"https:\/\/www.senses.se\/en\/#\/schema\/person\/0b3e28a568734d56aeb9e631ed09cada","name":"Isabelle Alberti","image":{"@type":"ImageObject","inLanguage":"en-US","@id":"https:\/\/secure.gravatar.com\/avatar\/466e6ce3be8f3b6fd36a2934a00bccfd53465d0c2ae61bbc93321e9108ee61e8?s=96&d=mm&r=g7d806f691a2d48ca42c0914f5ca9f190","url":"https:\/\/secure.gravatar.com\/avatar\/466e6ce3be8f3b6fd36a2934a00bccfd53465d0c2ae61bbc93321e9108ee61e8?s=96&d=mm&r=g","contentUrl":"https:\/\/secure.gravatar.com\/avatar\/466e6ce3be8f3b6fd36a2934a00bccfd53465d0c2ae61bbc93321e9108ee61e8?s=96&d=mm&r=g","caption":"Isabelle Alberti"},"description":"Isabelle introducerades tidigt f\u00f6r gamingv\u00e4rlden via \u00e4ldre syskon, vilket v\u00e4ckte en livsl\u00e5ng passion f\u00f6r allt fr\u00e5n klassiska konsoler till smarta vardagsprylar. Hennes granskande \u00f6ga f\u00f6r h\u00e5rd- och mjukvara grundar sig i att hon tidigare arbetat professionellt med att demonstrera och utv\u00e4rdera spel. Idag jobbar hon som aff\u00e4rsutvecklare \u2013 en roll som sk\u00e4nker henne ett skarpt, strategiskt och konsumentn\u00e4ra perspektiv n\u00e4r hon p\u00e5 SENSES testar techprodukter som lovar att f\u00f6renkla vardagen, med exakt samma outtr\u00f6ttliga nyfikenhet som n\u00e4r hon var liten.","url":"https:\/\/www.senses.se\/en\/author\/isabellealberti\/"}]}},"jetpack_featured_media_url":"https:\/\/www.senses.se\/wp-content\/uploads\/2026\/04\/20260421-194733-1.jpg","jetpack_sharing_enabled":true,"_links":{"self":[{"href":"https:\/\/www.senses.se\/en\/wp-json\/wp\/v2\/posts\/6206","targetHints":{"allow":["GET"]}}],"collection":[{"href":"https:\/\/www.senses.se\/en\/wp-json\/wp\/v2\/posts"}],"about":[{"href":"https:\/\/www.senses.se\/en\/wp-json\/wp\/v2\/types\/post"}],"author":[{"embeddable":true,"href":"https:\/\/www.senses.se\/en\/wp-json\/wp\/v2\/users\/1552"}],"replies":[{"embeddable":true,"href":"https:\/\/www.senses.se\/en\/wp-json\/wp\/v2\/comments?post=6206"}],"version-history":[{"count":1,"href":"https:\/\/www.senses.se\/en\/wp-json\/wp\/v2\/posts\/6206\/revisions"}],"predecessor-version":[{"id":6207,"href":"https:\/\/www.senses.se\/en\/wp-json\/wp\/v2\/posts\/6206\/revisions\/6207"}],"wp:featuredmedia":[{"embeddable":true,"href":"https:\/\/www.senses.se\/en\/wp-json\/wp\/v2\/media\/6208"}],"wp:attachment":[{"href":"https:\/\/www.senses.se\/en\/wp-json\/wp\/v2\/media?parent=6206"}],"wp:term":[{"taxonomy":"category","embeddable":true,"href":"https:\/\/www.senses.se\/en\/wp-json\/wp\/v2\/categories?post=6206"},{"taxonomy":"post_tag","embeddable":true,"href":"https:\/\/www.senses.se\/en\/wp-json\/wp\/v2\/tags?post=6206"},{"taxonomy":"author","embeddable":true,"href":"https:\/\/www.senses.se\/en\/wp-json\/wp\/v2\/coauthors?post=6206"}],"curies":[{"name":"wp","href":"https:\/\/api.w.org\/{rel}","templated":true}]}}